{"id":147,"date":"2013-11-07T16:00:21","date_gmt":"2013-11-07T15:00:21","guid":{"rendered":"https:\/\/autislan.de\/?p=147"},"modified":"2021-05-09T21:31:26","modified_gmt":"2021-05-09T19:31:26","slug":"une-susceptibilite-quasi-endemique","status":"publish","type":"post","link":"https:\/\/autislan.de\/?p=147","title":{"rendered":"Une susceptibilit\u00e9 quasi end\u00e9mique"},"content":{"rendered":"<p>L\u2019autislandais\u00a0est\u00a0susceptible et\u00a0supporte peu qu\u2019on lui fasse des remarques, <strong>m\u00eame pour rire<\/strong> (\u2026rappel, pas mal de difficult\u00e9s \u00e0 d\u00e9crypter l\u2019<a href=\"https:\/\/autislan.de\/?p=60\">humour<\/a> voire se cabrer devant une simple manifestation d\u2019ironie).<\/p>\n<p>Du coup, si vous souhaitez faire une remarque, d\u00e9brouillez-vous pour lui pr\u00e9senter votre propos d\u2019une mani\u00e8re claire et agr\u00e9able.<\/p>\n<blockquote>\n<p>Ne cherchez pas \u00e0 l\u2019acculer sous peine de couper imm\u00e9diatement les ponts avec votre interlocuteur.<\/p>\n<\/blockquote>\n","protected":false},"excerpt":{"rendered":"","protected":false},"author":1,"featured_media":187,"comment_status":"closed","ping_status":"closed","sticky":false,"template":"","format":"standard","meta":{"footnotes":""},"categories":[2],"tags":[],"class_list":["post-147","post","type-post","status-publish","format-standard","has-post-thumbnail","hentry","category-breves"],"_links":{"self":[{"href":"https:\/\/autislan.de\/index.php?rest_route=\/wp\/v2\/posts\/147","targetHints":{"allow":["GET"]}}],"collection":[{"href":"https:\/\/autislan.de\/index.php?rest_route=\/wp\/v2\/posts"}],"about":[{"href":"https:\/\/autislan.de\/index.php?rest_route=\/wp\/v2\/types\/post"}],"author":[{"embeddable":true,"href":"https:\/\/autislan.de\/index.php?rest_route=\/wp\/v2\/users\/1"}],"replies":[{"embeddable":true,"href":"https:\/\/autislan.de\/index.php?rest_route=%2Fwp%2Fv2%2Fcomments&post=147"}],"version-history":[{"count":3,"href":"https:\/\/autislan.de\/index.php?rest_route=\/wp\/v2\/posts\/147\/revisions"}],"predecessor-version":[{"id":385,"href":"https:\/\/autislan.de\/index.php?rest_route=\/wp\/v2\/posts\/147\/revisions\/385"}],"wp:featuredmedia":[{"embeddable":true,"href":"https:\/\/autislan.de\/index.php?rest_route=\/wp\/v2\/media\/187"}],"wp:attachment":[{"href":"https:\/\/autislan.de\/index.php?rest_route=%2Fwp%2Fv2%2Fmedia&parent=147"}],"wp:term":[{"taxonomy":"category","embeddable":true,"href":"https:\/\/autislan.de\/index.php?rest_route=%2Fwp%2Fv2%2Fcategories&post=147"},{"taxonomy":"post_tag","embeddable":true,"href":"https:\/\/autislan.de\/index.php?rest_route=%2Fwp%2Fv2%2Ftags&post=147"}],"curies":[{"name":"wp","href":"https:\/\/api.w.org\/{rel}","templated":true}]}}