{"id":115,"date":"2013-11-03T20:22:43","date_gmt":"2013-11-03T19:22:43","guid":{"rendered":"https:\/\/autislan.de\/?p=115"},"modified":"2021-05-09T22:01:16","modified_gmt":"2021-05-09T20:01:16","slug":"dieux-demons-et-peurs","status":"publish","type":"post","link":"https:\/\/autislan.de\/?p=115","title":{"rendered":"Dieux, d\u00e9mons et peurs"},"content":{"rendered":"<p>L\u2019autislandais a ses\u00a0propres\u00a0<strong>Dieux<\/strong>. G\u00e9n\u00e9ralement, chaque enfant autislandais invente ses Dieux vers 2-3 ans\u2026 en jouant.<\/p>\n<p>L\u2019un d\u2019entre eux, par exemple, est une grosse boule de pr\u00e8s d\u2019un m\u00e8tre de haut et constitu\u00e9e d\u2019une unique bouche souriante.<\/p>\n<p>Par ailleurs, les autislandais ont des\u00a0<strong>d\u00e9mons<\/strong>\u00a0qu\u2019ils appr\u00e9hendent. Cela peut \u00eatre\u00a0:<\/p>\n<ul>\n<li>Les crevasses dans le sol qui pourraient les aspirer\u2026<\/li>\n<li>Les bouleaux dont les stries forment des visages furieux, symbole de m\u00e9contentement des anciens\u2026<\/li>\n<li>Des objets aux formes anthropomorphiques.<\/li>\n<\/ul>\n<p>En r\u00e9sum\u00e9, ils ont individuellement une religion propre. Et le rappellent dans cette formule\u00a0: \u00ab\u00a0Nous, \u00eatres incompr\u00e9hensibles \u00e0 vos yeux, sommes des individus semblables \u00e0 vous avec <strong>nos<\/strong> Dieux et d\u00e9mons\u00a0\u00bb.<\/p>\n<blockquote>\n<p>Pr\u00e9cision\u00a0: les autislandais ne se font\u00a0jamais\u00a0la guerre, ils d\u00e9testent le bruit, le sang leur fait horreur.<\/p>\n<\/blockquote>\n","protected":false},"excerpt":{"rendered":"","protected":false},"author":1,"featured_media":176,"comment_status":"closed","ping_status":"closed","sticky":false,"template":"","format":"standard","meta":{"footnotes":""},"categories":[4],"tags":[],"class_list":["post-115","post","type-post","status-publish","format-standard","has-post-thumbnail","hentry","category-coutumes"],"_links":{"self":[{"href":"https:\/\/autislan.de\/index.php?rest_route=\/wp\/v2\/posts\/115","targetHints":{"allow":["GET"]}}],"collection":[{"href":"https:\/\/autislan.de\/index.php?rest_route=\/wp\/v2\/posts"}],"about":[{"href":"https:\/\/autislan.de\/index.php?rest_route=\/wp\/v2\/types\/post"}],"author":[{"embeddable":true,"href":"https:\/\/autislan.de\/index.php?rest_route=\/wp\/v2\/users\/1"}],"replies":[{"embeddable":true,"href":"https:\/\/autislan.de\/index.php?rest_route=%2Fwp%2Fv2%2Fcomments&post=115"}],"version-history":[{"count":6,"href":"https:\/\/autislan.de\/index.php?rest_route=\/wp\/v2\/posts\/115\/revisions"}],"predecessor-version":[{"id":404,"href":"https:\/\/autislan.de\/index.php?rest_route=\/wp\/v2\/posts\/115\/revisions\/404"}],"wp:featuredmedia":[{"embeddable":true,"href":"https:\/\/autislan.de\/index.php?rest_route=\/wp\/v2\/media\/176"}],"wp:attachment":[{"href":"https:\/\/autislan.de\/index.php?rest_route=%2Fwp%2Fv2%2Fmedia&parent=115"}],"wp:term":[{"taxonomy":"category","embeddable":true,"href":"https:\/\/autislan.de\/index.php?rest_route=%2Fwp%2Fv2%2Fcategories&post=115"},{"taxonomy":"post_tag","embeddable":true,"href":"https:\/\/autislan.de\/index.php?rest_route=%2Fwp%2Fv2%2Ftags&post=115"}],"curies":[{"name":"wp","href":"https:\/\/api.w.org\/{rel}","templated":true}]}}